{"id":5936,"date":"2026-09-03T08:02:39","date_gmt":"2026-09-03T08:02:39","guid":{"rendered":"https:\/\/gminnecentrum.pl\/biblioteka\/?p=5936"},"modified":"2026-09-03T08:05:13","modified_gmt":"2026-09-03T08:05:13","slug":"dofinansowanie-w-ramach-programu-kulturalny-orlen","status":"publish","type":"post","link":"https:\/\/gminnecentrum.pl\/biblioteka\/dofinansowanie-w-ramach-programu-kulturalny-orlen\/","title":{"rendered":"Dofinansowanie w ramach programu Kulturalny ORLEN"},"content":{"rendered":"\t\t<div data-elementor-type=\"wp-post\" data-elementor-id=\"5936\" class=\"elementor elementor-5936\">\n\t\t\t\t<div class=\"aux-parallax-section elementor-element elementor-element-5a58675 e-flex e-con-boxed e-con e-parent\" data-id=\"5a58675\" data-element_type=\"container\" data-e-type=\"container\">\n\t\t\t\t\t<div class=\"e-con-inner\">\n\t\t\t\t<div class=\"elementor-element elementor-element-69c4fbf elementor-widget elementor-widget-text-editor\" data-id=\"69c4fbf\" data-element_type=\"widget\" data-e-type=\"widget\" data-widget_type=\"text-editor.default\">\n\t\t\t\t<div class=\"elementor-widget-container\">\n\t\t\t\t\t\t\t\t\t<div class=\"xdj266r x14z9mp xat24cr x1lziwak x1vvkbs x126k92a\"><div dir=\"auto\">Mamy dobr\u0105 wiadomo\u015b\u0107!\u00a0<\/div><div dir=\"auto\">\u00a0<\/div><\/div><div class=\"x14z9mp xat24cr x1lziwak x1vvkbs xtlvy1s x126k92a\"><div dir=\"auto\">Nasza instytucja otrzyma\u0142a darowizn\u0119 w wysoko\u015bci 28 400,00 z\u0142 od Fundacja ORLEN im. Ignacego \u0141ukasiewicza na realizacj\u0119 wyj\u0105tkowego projektu \u201eOssoli\u0144ski inspiruje &#8211; czytam &#8211; tworz\u0119 &#8211; odkrywam\u201d! Dofinansowanie przyznano w ramach programu pn. Kulturalny ORLEN &#8211; edycja II.<\/div><div dir=\"auto\">\u00a0<\/div><\/div><div class=\"x14z9mp xat24cr x1lziwak x1vvkbs xtlvy1s x126k92a\"><div dir=\"auto\">Projekt b\u0119dzie realizowany we wszystkich bibliotekach na terenie naszej gminy i b\u0119dzie okazj\u0105 do wsp\u00f3lnego odkrywania fascynuj\u0105cej postaci J\u00f3zefa Maksymiliana Ossoli\u0144skiego &#8211; patrona roku 2026.<\/div><div dir=\"auto\">\u00a0<\/div><\/div><div class=\"x14z9mp xat24cr x1lziwak x1vvkbs xtlvy1s x126k92a\"><div dir=\"auto\">Czeka na nas szereg ciekawych i kreatywnych dzia\u0142a\u0144, kt\u00f3re po\u0142\u0105cz\u0105 czytanie, tworzenie i poznawanie dziedzictwa Ossoli\u0144skiego.<\/div><div dir=\"auto\">\u00a0<\/div><\/div><div class=\"x14z9mp xat24cr x1lziwak x1vvkbs xtlvy1s x126k92a\"><div dir=\"auto\">Dzi\u0119kujemy Fundacji ORLEN im. Ignacego \u0141ukasiewicza za zaufanie i wsparcie naszego pomys\u0142u!<\/div><div dir=\"auto\">\u00a0<\/div><\/div><div class=\"x14z9mp xat24cr x1lziwak x1vvkbs xtlvy1s x126k92a\"><div dir=\"auto\">Wi\u0119cej szczeg\u00f3\u0142\u00f3w dotycz\u0105cych projektu podamy ju\u017c wkr\u00f3tce.<\/div><\/div>\t\t\t\t\t\t\t\t<\/div>\n\t\t\t\t<\/div>\n\t\t\t\t\t<\/div>\n\t\t\t\t<\/div>\n\t\t\t\t<\/div>\n\t\t","protected":false},"excerpt":{"rendered":"<p>Mamy dobr\u0105 wiadomo\u015b\u0107!\u00a0\u00a0Nasza instytucja otrzyma\u0142a darowizn\u0119 w wysoko\u015bci 28 400,00 z\u0142 od Fundacja ORLEN im. Ignacego \u0141ukasiewicza na realizacj\u0119 wyj\u0105tkowego projektu \u201eOssoli\u0144ski inspiruje &#8211; czytam &#8211; tworz\u0119 &#8211; odkrywam\u201d! Dofinansowanie przyznano w ramach programu pn. Kulturalny ORLEN &#8211; edycja II.\u00a0Projekt b\u0119dzie realizowany we wszystkich bibliotekach na terenie naszej gminy i b\u0119dzie okazj\u0105 do wsp\u00f3lnego odkrywania [&hellip;]<\/p>\n","protected":false},"author":2,"featured_media":5938,"comment_status":"closed","ping_status":"closed","sticky":false,"template":"","format":"standard","meta":{"footnotes":""},"categories":[1],"tags":[],"class_list":["post-5936","post","type-post","status-publish","format-standard","has-post-thumbnail","hentry","category-aktualnosci"],"_links":{"self":[{"href":"https:\/\/gminnecentrum.pl\/biblioteka\/wp-json\/wp\/v2\/posts\/5936","targetHints":{"allow":["GET"]}}],"collection":[{"href":"https:\/\/gminnecentrum.pl\/biblioteka\/wp-json\/wp\/v2\/posts"}],"about":[{"href":"https:\/\/gminnecentrum.pl\/biblioteka\/wp-json\/wp\/v2\/types\/post"}],"author":[{"embeddable":true,"href":"https:\/\/gminnecentrum.pl\/biblioteka\/wp-json\/wp\/v2\/users\/2"}],"replies":[{"embeddable":true,"href":"https:\/\/gminnecentrum.pl\/biblioteka\/wp-json\/wp\/v2\/comments?post=5936"}],"version-history":[{"count":4,"href":"https:\/\/gminnecentrum.pl\/biblioteka\/wp-json\/wp\/v2\/posts\/5936\/revisions"}],"predecessor-version":[{"id":5941,"href":"https:\/\/gminnecentrum.pl\/biblioteka\/wp-json\/wp\/v2\/posts\/5936\/revisions\/5941"}],"wp:featuredmedia":[{"embeddable":true,"href":"https:\/\/gminnecentrum.pl\/biblioteka\/wp-json\/wp\/v2\/media\/5938"}],"wp:attachment":[{"href":"https:\/\/gminnecentrum.pl\/biblioteka\/wp-json\/wp\/v2\/media?parent=5936"}],"wp:term":[{"taxonomy":"category","embeddable":true,"href":"https:\/\/gminnecentrum.pl\/biblioteka\/wp-json\/wp\/v2\/categories?post=5936"},{"taxonomy":"post_tag","embeddable":true,"href":"https:\/\/gminnecentrum.pl\/biblioteka\/wp-json\/wp\/v2\/tags?post=5936"}],"curies":[{"name":"wp","href":"https:\/\/api.w.org\/{rel}","templated":true}]}}