{"id":5930,"date":"2026-09-01T07:57:30","date_gmt":"2026-09-01T07:57:30","guid":{"rendered":"https:\/\/gminnecentrum.pl\/biblioteka\/?p=5930"},"modified":"2026-09-03T08:02:03","modified_gmt":"2026-09-03T08:02:03","slug":"fragmenty-wystawa-prac-magdaleny-michny","status":"publish","type":"post","link":"https:\/\/gminnecentrum.pl\/biblioteka\/fragmenty-wystawa-prac-magdaleny-michny\/","title":{"rendered":"\u201eFragmenty\u201d &#8211; wystawa prac Magdaleny Michny"},"content":{"rendered":"\t\t<div data-elementor-type=\"wp-post\" data-elementor-id=\"5930\" class=\"elementor elementor-5930\">\n\t\t\t\t<div class=\"aux-parallax-section elementor-element elementor-element-f69d62c e-flex e-con-boxed e-con e-parent\" data-id=\"f69d62c\" data-element_type=\"container\" data-e-type=\"container\">\n\t\t\t\t\t<div class=\"e-con-inner\">\n\t\t\t\t<div class=\"elementor-element elementor-element-2dbeb3e elementor-widget elementor-widget-text-editor\" data-id=\"2dbeb3e\" data-element_type=\"widget\" data-e-type=\"widget\" data-widget_type=\"text-editor.default\">\n\t\t\t\t<div class=\"elementor-widget-container\">\n\t\t\t\t\t\t\t\t\t<div class=\"xdj266r x14z9mp xat24cr x1lziwak x1vvkbs x126k92a\"><div dir=\"auto\">&#8222;\u017bycie sk\u0142ada si\u0119 z fragment\u00f3w. Jedne s\u0105 pe\u0142ne rado\u015bci i ciep\u0142a, inne wype\u0142nia szaro\u015b\u0107, smutek, a czasem samotno\u015b\u0107. Ka\u017cdy z nas ma swoje w\u0142asne, osobiste fragmenty. Towarzysz\u0105 nam przez lata, zapisuj\u0105 si\u0119 w pami\u0119ci, a gdy przychodzi czas, pozostaj\u0105 po nich fotografie i wspomnienia.&#8221;<\/div><div dir=\"auto\">\u00a0<\/div><\/div><div class=\"x14z9mp xat24cr x1lziwak x1vvkbs xtlvy1s x126k92a\"><div dir=\"auto\">\u201eFragmenty\u201d to tytu\u0142 wystawy prac pani Magdaleny Michny, kt\u00f3rych wi\u0119kszo\u015b\u0107 powstaje na podstawie fotografii oraz wspomnie\u0144 ludzi. To pr\u00f3ba zatrzymania tego, co minione &#8211; os\u00f3b, miejsc, przedmiot\u00f3w i chwil, kt\u00f3re mog\u0142yby pozosta\u0107 ju\u017c tylko w pami\u0119ci.<\/div><div dir=\"auto\">\u00a0<\/div><\/div><div class=\"x14z9mp xat24cr x1lziwak x1vvkbs xtlvy1s x126k92a\"><div dir=\"auto\">Stare deski, dawne sprz\u0119ty, przedmioty codziennego u\u017cytku czy wspomnienia zwyczajnych chwil staj\u0105 si\u0119 cz\u0119\u015bci\u0105 artystycznej opowie\u015bci o tym, co by\u0142o i co nadal w nas pozostaje.<\/div><div dir=\"auto\">\u00a0<\/div><\/div><div class=\"x14z9mp xat24cr x1lziwak x1vvkbs xtlvy1s x126k92a\"><div dir=\"auto\">Serdecznie zapraszamy na wystaw\u0119 i finisa\u017c &#8211; spotkanie z pracami, kt\u00f3re przypominaj\u0105, \u017ce \u201dFragmenty&#8221; mog\u0105 sta\u0107 si\u0119 wa\u017cn\u0105 cz\u0119\u015bci\u0105 ka\u017cdej historii.<\/div><\/div><div dir=\"auto\">\u00a0<\/div><div class=\"x14z9mp xat24cr x1lziwak x1vvkbs xtlvy1s x126k92a\"><div dir=\"auto\"><strong>Wystawa:<\/strong><\/div><div dir=\"auto\"><strong>01. &#8211; 25.09.2026 Biblioteka w Miejscu Piastowym<\/strong><\/div><div dir=\"auto\"><strong>28.09. &#8211; 09.10.2026 Biblioteka w Targowiskach<\/strong><\/div><\/div><div class=\"x14z9mp xat24cr x1lziwak x1vvkbs xtlvy1s x126k92a\"><div dir=\"auto\"><strong>Finisa\u017c: 25.09.2026<\/strong><\/div><div dir=\"auto\"><strong>Godzina: 17.00<\/strong><\/div><div dir=\"auto\"><strong>Miejsce: Biblioteka w Miejscu Piastowym<\/strong><\/div><\/div>\t\t\t\t\t\t\t\t<\/div>\n\t\t\t\t<\/div>\n\t\t\t\t\t<\/div>\n\t\t\t\t<\/div>\n\t\t\t\t<\/div>\n\t\t","protected":false},"excerpt":{"rendered":"<p>&#8222;\u017bycie sk\u0142ada si\u0119 z fragment\u00f3w. Jedne s\u0105 pe\u0142ne rado\u015bci i ciep\u0142a, inne wype\u0142nia szaro\u015b\u0107, smutek, a czasem samotno\u015b\u0107. Ka\u017cdy z nas ma swoje w\u0142asne, osobiste fragmenty. Towarzysz\u0105 nam przez lata, zapisuj\u0105 si\u0119 w pami\u0119ci, a gdy przychodzi czas, pozostaj\u0105 po nich fotografie i wspomnienia.&#8221;\u00a0\u201eFragmenty\u201d to tytu\u0142 wystawy prac pani Magdaleny Michny, kt\u00f3rych wi\u0119kszo\u015b\u0107 powstaje na [&hellip;]<\/p>\n","protected":false},"author":2,"featured_media":5932,"comment_status":"closed","ping_status":"closed","sticky":false,"template":"","format":"standard","meta":{"footnotes":""},"categories":[1],"tags":[],"class_list":["post-5930","post","type-post","status-publish","format-standard","has-post-thumbnail","hentry","category-aktualnosci"],"_links":{"self":[{"href":"https:\/\/gminnecentrum.pl\/biblioteka\/wp-json\/wp\/v2\/posts\/5930","targetHints":{"allow":["GET"]}}],"collection":[{"href":"https:\/\/gminnecentrum.pl\/biblioteka\/wp-json\/wp\/v2\/posts"}],"about":[{"href":"https:\/\/gminnecentrum.pl\/biblioteka\/wp-json\/wp\/v2\/types\/post"}],"author":[{"embeddable":true,"href":"https:\/\/gminnecentrum.pl\/biblioteka\/wp-json\/wp\/v2\/users\/2"}],"replies":[{"embeddable":true,"href":"https:\/\/gminnecentrum.pl\/biblioteka\/wp-json\/wp\/v2\/comments?post=5930"}],"version-history":[{"count":4,"href":"https:\/\/gminnecentrum.pl\/biblioteka\/wp-json\/wp\/v2\/posts\/5930\/revisions"}],"predecessor-version":[{"id":5935,"href":"https:\/\/gminnecentrum.pl\/biblioteka\/wp-json\/wp\/v2\/posts\/5930\/revisions\/5935"}],"wp:featuredmedia":[{"embeddable":true,"href":"https:\/\/gminnecentrum.pl\/biblioteka\/wp-json\/wp\/v2\/media\/5932"}],"wp:attachment":[{"href":"https:\/\/gminnecentrum.pl\/biblioteka\/wp-json\/wp\/v2\/media?parent=5930"}],"wp:term":[{"taxonomy":"category","embeddable":true,"href":"https:\/\/gminnecentrum.pl\/biblioteka\/wp-json\/wp\/v2\/categories?post=5930"},{"taxonomy":"post_tag","embeddable":true,"href":"https:\/\/gminnecentrum.pl\/biblioteka\/wp-json\/wp\/v2\/tags?post=5930"}],"curies":[{"name":"wp","href":"https:\/\/api.w.org\/{rel}","templated":true}]}}